{"id":3072,"date":"2021-03-04T18:00:15","date_gmt":"2021-03-04T15:00:15","guid":{"rendered":"http:\/\/baskinoran.com\/ceftus-online-talk-with-baskin-oran-on-minorities-and-minority-rights-in-turkey-from-the-ottoman-empire-to-the-present-state-and-chaired-by-dr-ayse-zarakol\/"},"modified":"2021-04-20T17:14:19","modified_gmt":"2021-04-20T14:14:19","slug":"ceftus-online-talk-with-baskin-oran-on-minorities-and-minority-rights-in-turkey-from-the-ottoman-empire-to-the-present-state-and-chaired-by-dr-ayse-zarakol","status":"publish","type":"post","link":"https:\/\/baskinoran.com\/en\/ceftus-online-talk-with-baskin-oran-on-minorities-and-minority-rights-in-turkey-from-the-ottoman-empire-to-the-present-state-and-chaired-by-dr-ayse-zarakol\/","title":{"rendered":"Video: CEFTUS Online Talk with Bask\u0131n Oran on &#8220;Minorities and Minority Rights in Turkey: From the Ottoman Empire to the Present State&#8221; and chaired by Dr Ay\u015fe Zarakol"},"content":{"rendered":"<p>CEFTUS Online Talk with Bask\u0131n Oran on &#8220;Minorities and Minority Rights in Turkey: From the Ottoman Empire to the Present State&#8221; and chaired by Dr Ay\u015fe Zarakol<\/p>\n<p><iframe loading=\"lazy\" title=\"&quot;Minorities and Minority Rights in Turkey: From the Ottoman Empire to the Present State&quot;\" width=\"1140\" height=\"641\" src=\"https:\/\/www.youtube.com\/embed\/jpAG0m76Gbs?feature=oembed\" frameborder=\"0\" allow=\"accelerometer; autoplay; clipboard-write; encrypted-media; gyroscope; picture-in-picture\" allowfullscreen><\/iframe><\/p>\n<p>&nbsp;<\/p>\n","protected":false},"excerpt":{"rendered":"<p>CEFTUS Online Talk with Bask\u0131n Oran on &#8220;Minorities and Minority Rights in Turkey: From the Ottoman Empire to the Present State&#8221; and chaired by Dr Ay\u015fe Zarakol &nbsp;<\/p>\n","protected":false},"author":1,"featured_media":3070,"comment_status":"closed","ping_status":"closed","sticky":false,"template":"","format":"standard","meta":{"footnotes":""},"categories":[113],"tags":[85,114],"class_list":["post-3072","post","type-post","status-publish","format-standard","has-post-thumbnail","hentry","category-video-interviews","tag-2021-en","tag-video-en"],"yoast_head":"<!-- This site is optimized with the Yoast SEO plugin v16.8 - https:\/\/yoast.com\/wordpress\/plugins\/seo\/ -->\n<title>Video: CEFTUS Online Talk with Bask\u0131n Oran on &quot;Minorities and Minority Rights in Turkey: From the Ottoman Empire to the Present State&quot; and chaired by Dr Ay\u015fe Zarakol - Bask\u0131n Oran<\/title>\n<meta name=\"robots\" content=\"index, follow, max-snippet:-1, max-image-preview:large, max-video-preview:-1\" \/>\n<link rel=\"canonical\" href=\"https:\/\/baskinoran.com\/en\/ceftus-online-talk-with-baskin-oran-on-minorities-and-minority-rights-in-turkey-from-the-ottoman-empire-to-the-present-state-and-chaired-by-dr-ayse-zarakol\/\" \/>\n<meta property=\"og:locale\" content=\"en_US\" \/>\n<meta property=\"og:type\" content=\"article\" \/>\n<meta property=\"og:title\" content=\"Video: CEFTUS Online Talk with Bask\u0131n Oran on &quot;Minorities and Minority Rights in Turkey: From the Ottoman Empire to the Present State&quot; and chaired by Dr Ay\u015fe Zarakol - Bask\u0131n Oran\" \/>\n<meta property=\"og:description\" content=\"CEFTUS Online Talk with Bask\u0131n Oran on &#8220;Minorities and Minority Rights in Turkey: From the Ottoman Empire to the Present State&#8221; and chaired by Dr Ay\u015fe Zarakol &nbsp;\" \/>\n<meta property=\"og:url\" content=\"https:\/\/baskinoran.com\/en\/ceftus-online-talk-with-baskin-oran-on-minorities-and-minority-rights-in-turkey-from-the-ottoman-empire-to-the-present-state-and-chaired-by-dr-ayse-zarakol\/\" \/>\n<meta property=\"og:site_name\" content=\"Bask\u0131n Oran\" \/>\n<meta property=\"article:published_time\" content=\"2021-03-04T15:00:15+00:00\" \/>\n<meta property=\"article:modified_time\" content=\"2021-04-20T14:14:19+00:00\" \/>\n<meta property=\"og:image\" content=\"https:\/\/baskinoran.com\/wp-content\/uploads\/2021\/03\/Fullscreen_5_03_2021_13_05-scaled.jpg\" \/>\n\t<meta property=\"og:image:width\" content=\"2560\" \/>\n\t<meta property=\"og:image:height\" content=\"1600\" \/>\n<meta name=\"twitter:card\" content=\"summary_large_image\" \/>\n<meta name=\"twitter:label1\" content=\"Written by\" \/>\n\t<meta name=\"twitter:data1\" content=\"admin\" \/>\n<script type=\"application\/ld+json\" class=\"yoast-schema-graph\">{\"@context\":\"https:\/\/schema.org\",\"@graph\":[{\"@type\":\"Organization\",\"@id\":\"https:\/\/baskinoran.com\/#organization\",\"name\":\"Bask\\u0131n ORAN Emekli \\u00f6\\u011fretim \\u00fcyesi\",\"url\":\"https:\/\/baskinoran.com\/\",\"sameAs\":[],\"logo\":{\"@type\":\"ImageObject\",\"@id\":\"https:\/\/baskinoran.com\/#logo\",\"inLanguage\":\"en-US\",\"url\":\"https:\/\/baskinoran.com\/wp-content\/uploads\/2021\/08\/cropped-baskin-oran-ana-banner_1-270x270-1.jpeg\",\"contentUrl\":\"https:\/\/baskinoran.com\/wp-content\/uploads\/2021\/08\/cropped-baskin-oran-ana-banner_1-270x270-1.jpeg\",\"width\":270,\"height\":270,\"caption\":\"Bask\\u0131n ORAN Emekli \\u00f6\\u011fretim \\u00fcyesi\"},\"image\":{\"@id\":\"https:\/\/baskinoran.com\/#logo\"}},{\"@type\":\"WebSite\",\"@id\":\"https:\/\/baskinoran.com\/#website\",\"url\":\"https:\/\/baskinoran.com\/\",\"name\":\"Bask\\u0131n Oran Emekli \\u00f6\\u011fretim \\u00fcyesi\",\"description\":\"Emekli \\u00f6\\u011fretim \\u00fcyesi\",\"publisher\":{\"@id\":\"https:\/\/baskinoran.com\/#organization\"},\"potentialAction\":[{\"@type\":\"SearchAction\",\"target\":{\"@type\":\"EntryPoint\",\"urlTemplate\":\"https:\/\/baskinoran.com\/?s={search_term_string}\"},\"query-input\":\"required name=search_term_string\"}],\"inLanguage\":\"en-US\"},{\"@type\":\"ImageObject\",\"@id\":\"https:\/\/baskinoran.com\/en\/ceftus-online-talk-with-baskin-oran-on-minorities-and-minority-rights-in-turkey-from-the-ottoman-empire-to-the-present-state-and-chaired-by-dr-ayse-zarakol\/#primaryimage\",\"inLanguage\":\"en-US\",\"url\":\"https:\/\/baskinoran.com\/wp-content\/uploads\/2021\/03\/Fullscreen_5_03_2021_13_05-scaled.jpg\",\"contentUrl\":\"https:\/\/baskinoran.com\/wp-content\/uploads\/2021\/03\/Fullscreen_5_03_2021_13_05-scaled.jpg\",\"width\":2560,\"height\":1600},{\"@type\":\"WebPage\",\"@id\":\"https:\/\/baskinoran.com\/en\/ceftus-online-talk-with-baskin-oran-on-minorities-and-minority-rights-in-turkey-from-the-ottoman-empire-to-the-present-state-and-chaired-by-dr-ayse-zarakol\/#webpage\",\"url\":\"https:\/\/baskinoran.com\/en\/ceftus-online-talk-with-baskin-oran-on-minorities-and-minority-rights-in-turkey-from-the-ottoman-empire-to-the-present-state-and-chaired-by-dr-ayse-zarakol\/\",\"name\":\"Video: CEFTUS Online Talk with Bask\\u0131n Oran on \\\"Minorities and Minority Rights in Turkey: From the Ottoman Empire to the Present State\\\" and chaired by Dr Ay\\u015fe Zarakol - Bask\\u0131n Oran\",\"isPartOf\":{\"@id\":\"https:\/\/baskinoran.com\/#website\"},\"primaryImageOfPage\":{\"@id\":\"https:\/\/baskinoran.com\/en\/ceftus-online-talk-with-baskin-oran-on-minorities-and-minority-rights-in-turkey-from-the-ottoman-empire-to-the-present-state-and-chaired-by-dr-ayse-zarakol\/#primaryimage\"},\"datePublished\":\"2021-03-04T15:00:15+00:00\",\"dateModified\":\"2021-04-20T14:14:19+00:00\",\"breadcrumb\":{\"@id\":\"https:\/\/baskinoran.com\/en\/ceftus-online-talk-with-baskin-oran-on-minorities-and-minority-rights-in-turkey-from-the-ottoman-empire-to-the-present-state-and-chaired-by-dr-ayse-zarakol\/#breadcrumb\"},\"inLanguage\":\"en-US\",\"potentialAction\":[{\"@type\":\"ReadAction\",\"target\":[\"https:\/\/baskinoran.com\/en\/ceftus-online-talk-with-baskin-oran-on-minorities-and-minority-rights-in-turkey-from-the-ottoman-empire-to-the-present-state-and-chaired-by-dr-ayse-zarakol\/\"]}]},{\"@type\":\"BreadcrumbList\",\"@id\":\"https:\/\/baskinoran.com\/en\/ceftus-online-talk-with-baskin-oran-on-minorities-and-minority-rights-in-turkey-from-the-ottoman-empire-to-the-present-state-and-chaired-by-dr-ayse-zarakol\/#breadcrumb\",\"itemListElement\":[{\"@type\":\"ListItem\",\"position\":1,\"name\":\"Home\",\"item\":\"https:\/\/baskinoran.com\/en\/\"},{\"@type\":\"ListItem\",\"position\":2,\"name\":\"Video: CEFTUS Online Talk with Bask\\u0131n Oran on &#8220;Minorities and Minority Rights in Turkey: From the Ottoman Empire to the Present State&#8221; and chaired by Dr Ay\\u015fe Zarakol\"}]},{\"@type\":\"Article\",\"@id\":\"https:\/\/baskinoran.com\/en\/ceftus-online-talk-with-baskin-oran-on-minorities-and-minority-rights-in-turkey-from-the-ottoman-empire-to-the-present-state-and-chaired-by-dr-ayse-zarakol\/#article\",\"isPartOf\":{\"@id\":\"https:\/\/baskinoran.com\/en\/ceftus-online-talk-with-baskin-oran-on-minorities-and-minority-rights-in-turkey-from-the-ottoman-empire-to-the-present-state-and-chaired-by-dr-ayse-zarakol\/#webpage\"},\"author\":{\"@id\":\"https:\/\/baskinoran.com\/#\/schema\/person\/14a03df9704e846226ab34de7ce7919b\"},\"headline\":\"Video: CEFTUS Online Talk with Bask\\u0131n Oran on &#8220;Minorities and Minority Rights in Turkey: From the Ottoman Empire to the Present State&#8221; and chaired by Dr Ay\\u015fe Zarakol\",\"datePublished\":\"2021-03-04T15:00:15+00:00\",\"dateModified\":\"2021-04-20T14:14:19+00:00\",\"mainEntityOfPage\":{\"@id\":\"https:\/\/baskinoran.com\/en\/ceftus-online-talk-with-baskin-oran-on-minorities-and-minority-rights-in-turkey-from-the-ottoman-empire-to-the-present-state-and-chaired-by-dr-ayse-zarakol\/#webpage\"},\"wordCount\":66,\"publisher\":{\"@id\":\"https:\/\/baskinoran.com\/#organization\"},\"image\":{\"@id\":\"https:\/\/baskinoran.com\/en\/ceftus-online-talk-with-baskin-oran-on-minorities-and-minority-rights-in-turkey-from-the-ottoman-empire-to-the-present-state-and-chaired-by-dr-ayse-zarakol\/#primaryimage\"},\"thumbnailUrl\":\"https:\/\/baskinoran.com\/wp-content\/uploads\/2021\/03\/Fullscreen_5_03_2021_13_05-scaled.jpg\",\"keywords\":[\"2021\",\"video\"],\"articleSection\":[\"Video Interviews\"],\"inLanguage\":\"en-US\"},{\"@type\":\"Person\",\"@id\":\"https:\/\/baskinoran.com\/#\/schema\/person\/14a03df9704e846226ab34de7ce7919b\",\"name\":\"admin\",\"image\":{\"@type\":\"ImageObject\",\"@id\":\"https:\/\/baskinoran.com\/#personlogo\",\"inLanguage\":\"en-US\",\"url\":\"https:\/\/baskinoran.com\/wp-content\/uploads\/2021\/02\/b..jpg\",\"contentUrl\":\"https:\/\/baskinoran.com\/wp-content\/uploads\/2021\/02\/b..jpg\",\"caption\":\"admin\"},\"sameAs\":[\"https:\/\/baskinoran.com\"]}]}<\/script>\n<!-- \/ Yoast SEO plugin. -->","yoast_head_json":{"title":"Video: CEFTUS Online Talk with Bask\u0131n Oran on \"Minorities and Minority Rights in Turkey: From the Ottoman Empire to the Present State\" and chaired by Dr Ay\u015fe Zarakol - Bask\u0131n Oran","robots":{"index":"index","follow":"follow","max-snippet":"max-snippet:-1","max-image-preview":"max-image-preview:large","max-video-preview":"max-video-preview:-1"},"canonical":"https:\/\/baskinoran.com\/en\/ceftus-online-talk-with-baskin-oran-on-minorities-and-minority-rights-in-turkey-from-the-ottoman-empire-to-the-present-state-and-chaired-by-dr-ayse-zarakol\/","og_locale":"en_US","og_type":"article","og_title":"Video: CEFTUS Online Talk with Bask\u0131n Oran on \"Minorities and Minority Rights in Turkey: From the Ottoman Empire to the Present State\" and chaired by Dr Ay\u015fe Zarakol - Bask\u0131n Oran","og_description":"CEFTUS Online Talk with Bask\u0131n Oran on &#8220;Minorities and Minority Rights in Turkey: From the Ottoman Empire to the Present State&#8221; and chaired by Dr Ay\u015fe Zarakol &nbsp;","og_url":"https:\/\/baskinoran.com\/en\/ceftus-online-talk-with-baskin-oran-on-minorities-and-minority-rights-in-turkey-from-the-ottoman-empire-to-the-present-state-and-chaired-by-dr-ayse-zarakol\/","og_site_name":"Bask\u0131n Oran","article_published_time":"2021-03-04T15:00:15+00:00","article_modified_time":"2021-04-20T14:14:19+00:00","og_image":[{"width":2560,"height":1600,"url":"https:\/\/baskinoran.com\/wp-content\/uploads\/2021\/03\/Fullscreen_5_03_2021_13_05-scaled.jpg","path":"\/home\/baskinoran\/public_html\/wp-content\/uploads\/2021\/03\/Fullscreen_5_03_2021_13_05-scaled.jpg","size":"full","id":3070,"alt":"","pixels":4096000,"type":"image\/jpeg"}],"twitter_card":"summary_large_image","twitter_misc":{"Written by":"admin"},"schema":{"@context":"https:\/\/schema.org","@graph":[{"@type":"Organization","@id":"https:\/\/baskinoran.com\/#organization","name":"Bask\u0131n ORAN Emekli \u00f6\u011fretim \u00fcyesi","url":"https:\/\/baskinoran.com\/","sameAs":[],"logo":{"@type":"ImageObject","@id":"https:\/\/baskinoran.com\/#logo","inLanguage":"en-US","url":"https:\/\/baskinoran.com\/wp-content\/uploads\/2021\/08\/cropped-baskin-oran-ana-banner_1-270x270-1.jpeg","contentUrl":"https:\/\/baskinoran.com\/wp-content\/uploads\/2021\/08\/cropped-baskin-oran-ana-banner_1-270x270-1.jpeg","width":270,"height":270,"caption":"Bask\u0131n ORAN Emekli \u00f6\u011fretim \u00fcyesi"},"image":{"@id":"https:\/\/baskinoran.com\/#logo"}},{"@type":"WebSite","@id":"https:\/\/baskinoran.com\/#website","url":"https:\/\/baskinoran.com\/","name":"Bask\u0131n Oran Emekli \u00f6\u011fretim \u00fcyesi","description":"Emekli \u00f6\u011fretim \u00fcyesi","publisher":{"@id":"https:\/\/baskinoran.com\/#organization"},"potentialAction":[{"@type":"SearchAction","target":{"@type":"EntryPoint","urlTemplate":"https:\/\/baskinoran.com\/?s={search_term_string}"},"query-input":"required name=search_term_string"}],"inLanguage":"en-US"},{"@type":"ImageObject","@id":"https:\/\/baskinoran.com\/en\/ceftus-online-talk-with-baskin-oran-on-minorities-and-minority-rights-in-turkey-from-the-ottoman-empire-to-the-present-state-and-chaired-by-dr-ayse-zarakol\/#primaryimage","inLanguage":"en-US","url":"https:\/\/baskinoran.com\/wp-content\/uploads\/2021\/03\/Fullscreen_5_03_2021_13_05-scaled.jpg","contentUrl":"https:\/\/baskinoran.com\/wp-content\/uploads\/2021\/03\/Fullscreen_5_03_2021_13_05-scaled.jpg","width":2560,"height":1600},{"@type":"WebPage","@id":"https:\/\/baskinoran.com\/en\/ceftus-online-talk-with-baskin-oran-on-minorities-and-minority-rights-in-turkey-from-the-ottoman-empire-to-the-present-state-and-chaired-by-dr-ayse-zarakol\/#webpage","url":"https:\/\/baskinoran.com\/en\/ceftus-online-talk-with-baskin-oran-on-minorities-and-minority-rights-in-turkey-from-the-ottoman-empire-to-the-present-state-and-chaired-by-dr-ayse-zarakol\/","name":"Video: CEFTUS Online Talk with Bask\u0131n Oran on \"Minorities and Minority Rights in Turkey: From the Ottoman Empire to the Present State\" and chaired by Dr Ay\u015fe Zarakol - Bask\u0131n Oran","isPartOf":{"@id":"https:\/\/baskinoran.com\/#website"},"primaryImageOfPage":{"@id":"https:\/\/baskinoran.com\/en\/ceftus-online-talk-with-baskin-oran-on-minorities-and-minority-rights-in-turkey-from-the-ottoman-empire-to-the-present-state-and-chaired-by-dr-ayse-zarakol\/#primaryimage"},"datePublished":"2021-03-04T15:00:15+00:00","dateModified":"2021-04-20T14:14:19+00:00","breadcrumb":{"@id":"https:\/\/baskinoran.com\/en\/ceftus-online-talk-with-baskin-oran-on-minorities-and-minority-rights-in-turkey-from-the-ottoman-empire-to-the-present-state-and-chaired-by-dr-ayse-zarakol\/#breadcrumb"},"inLanguage":"en-US","potentialAction":[{"@type":"ReadAction","target":["https:\/\/baskinoran.com\/en\/ceftus-online-talk-with-baskin-oran-on-minorities-and-minority-rights-in-turkey-from-the-ottoman-empire-to-the-present-state-and-chaired-by-dr-ayse-zarakol\/"]}]},{"@type":"BreadcrumbList","@id":"https:\/\/baskinoran.com\/en\/ceftus-online-talk-with-baskin-oran-on-minorities-and-minority-rights-in-turkey-from-the-ottoman-empire-to-the-present-state-and-chaired-by-dr-ayse-zarakol\/#breadcrumb","itemListElement":[{"@type":"ListItem","position":1,"name":"Home","item":"https:\/\/baskinoran.com\/en\/"},{"@type":"ListItem","position":2,"name":"Video: CEFTUS Online Talk with Bask\u0131n Oran on &#8220;Minorities and Minority Rights in Turkey: From the Ottoman Empire to the Present State&#8221; and chaired by Dr Ay\u015fe Zarakol"}]},{"@type":"Article","@id":"https:\/\/baskinoran.com\/en\/ceftus-online-talk-with-baskin-oran-on-minorities-and-minority-rights-in-turkey-from-the-ottoman-empire-to-the-present-state-and-chaired-by-dr-ayse-zarakol\/#article","isPartOf":{"@id":"https:\/\/baskinoran.com\/en\/ceftus-online-talk-with-baskin-oran-on-minorities-and-minority-rights-in-turkey-from-the-ottoman-empire-to-the-present-state-and-chaired-by-dr-ayse-zarakol\/#webpage"},"author":{"@id":"https:\/\/baskinoran.com\/#\/schema\/person\/14a03df9704e846226ab34de7ce7919b"},"headline":"Video: CEFTUS Online Talk with Bask\u0131n Oran on &#8220;Minorities and Minority Rights in Turkey: From the Ottoman Empire to the Present State&#8221; and chaired by Dr Ay\u015fe Zarakol","datePublished":"2021-03-04T15:00:15+00:00","dateModified":"2021-04-20T14:14:19+00:00","mainEntityOfPage":{"@id":"https:\/\/baskinoran.com\/en\/ceftus-online-talk-with-baskin-oran-on-minorities-and-minority-rights-in-turkey-from-the-ottoman-empire-to-the-present-state-and-chaired-by-dr-ayse-zarakol\/#webpage"},"wordCount":66,"publisher":{"@id":"https:\/\/baskinoran.com\/#organization"},"image":{"@id":"https:\/\/baskinoran.com\/en\/ceftus-online-talk-with-baskin-oran-on-minorities-and-minority-rights-in-turkey-from-the-ottoman-empire-to-the-present-state-and-chaired-by-dr-ayse-zarakol\/#primaryimage"},"thumbnailUrl":"https:\/\/baskinoran.com\/wp-content\/uploads\/2021\/03\/Fullscreen_5_03_2021_13_05-scaled.jpg","keywords":["2021","video"],"articleSection":["Video Interviews"],"inLanguage":"en-US"},{"@type":"Person","@id":"https:\/\/baskinoran.com\/#\/schema\/person\/14a03df9704e846226ab34de7ce7919b","name":"admin","image":{"@type":"ImageObject","@id":"https:\/\/baskinoran.com\/#personlogo","inLanguage":"en-US","url":"https:\/\/baskinoran.com\/wp-content\/uploads\/2021\/02\/b..jpg","contentUrl":"https:\/\/baskinoran.com\/wp-content\/uploads\/2021\/02\/b..jpg","caption":"admin"},"sameAs":["https:\/\/baskinoran.com"]}]}},"_links":{"self":[{"href":"https:\/\/baskinoran.com\/en\/wp-json\/wp\/v2\/posts\/3072","targetHints":{"allow":["GET"]}}],"collection":[{"href":"https:\/\/baskinoran.com\/en\/wp-json\/wp\/v2\/posts"}],"about":[{"href":"https:\/\/baskinoran.com\/en\/wp-json\/wp\/v2\/types\/post"}],"author":[{"embeddable":true,"href":"https:\/\/baskinoran.com\/en\/wp-json\/wp\/v2\/users\/1"}],"replies":[{"embeddable":true,"href":"https:\/\/baskinoran.com\/en\/wp-json\/wp\/v2\/comments?post=3072"}],"version-history":[{"count":2,"href":"https:\/\/baskinoran.com\/en\/wp-json\/wp\/v2\/posts\/3072\/revisions"}],"predecessor-version":[{"id":7035,"href":"https:\/\/baskinoran.com\/en\/wp-json\/wp\/v2\/posts\/3072\/revisions\/7035"}],"wp:featuredmedia":[{"embeddable":true,"href":"https:\/\/baskinoran.com\/en\/wp-json\/wp\/v2\/media\/3070"}],"wp:attachment":[{"href":"https:\/\/baskinoran.com\/en\/wp-json\/wp\/v2\/media?parent=3072"}],"wp:term":[{"taxonomy":"category","embeddable":true,"href":"https:\/\/baskinoran.com\/en\/wp-json\/wp\/v2\/categories?post=3072"},{"taxonomy":"post_tag","embeddable":true,"href":"https:\/\/baskinoran.com\/en\/wp-json\/wp\/v2\/tags?post=3072"}],"curies":[{"name":"wp","href":"https:\/\/api.w.org\/{rel}","templated":true}]}}